{"id":80,"date":"2026-04-28T10:52:21","date_gmt":"2026-04-28T08:52:21","guid":{"rendered":"https:\/\/www.ombrel.fr\/actualites\/calmosine-nourrisson-danger\/"},"modified":"2026-04-28T10:52:21","modified_gmt":"2026-04-28T08:52:21","slug":"calmosine-nourrisson-danger","status":"publish","type":"post","link":"https:\/\/www.ombrel.fr\/actualites\/calmosine-nourrisson-danger\/","title":{"rendered":"Calmosine nourrisson danger : guide complet"},"content":{"rendered":"<div style=\"background:#f0f4ff; border-left:4px solid #1a73e8; border-radius:8px; padding:20px 24px; margin:0 0 24px 0; box-sizing:border-box;\">\n<p style=\"margin:0 0 10px 0; font-weight:700; color:#1a73e8;\">\ud83d\udccb L&rsquo;essentiel \u00e0 retenir<\/p>\n<ul style=\"margin:0; padding-left:20px;\">\n<li><strong>Pas de danger r\u00e9el<\/strong> \u2014 Calmosine n&rsquo;est pas toxique mais reste un compl\u00e9ment alimentaire n\u00e9cessitant vigilance<\/li>\n<li><strong>Posologie stricte<\/strong> \u2014 <strong>5 ml<\/strong> maximum par prise, <strong>6 fois par jour<\/strong> soit <strong>30 ml<\/strong> total maximum<\/li>\n<li><strong>Contre-indications<\/strong> \u2014 \u00c9viter si RGO s\u00e9v\u00e8re, APLV non diagnostiqu\u00e9e ou allergie aux plantes<\/li>\n<li><strong>Conservation<\/strong> \u2014 <strong>10 jours<\/strong> maximum au r\u00e9frig\u00e9rateur apr\u00e8s ouverture<\/li>\n<li><strong>Consultation obligatoire<\/strong> \u2014 Avis p\u00e9diatrique avant toute utilisation chez le nouveau-n\u00e9<\/li>\n<\/ul>\n<\/div>\n<p>Le <strong>calmosine nourrisson danger<\/strong> inqui\u00e8te l\u00e9gitimement de nombreux parents confront\u00e9s aux coliques de leur b\u00e9b\u00e9. Cette pr\u00e9occupation m\u00e9rite une r\u00e9ponse claire : Calmosine Digestion n&rsquo;est pas dangereux lorsqu&rsquo;on respecte les pr\u00e9cautions d&rsquo;usage, mais il ne s&rsquo;agit pas d&rsquo;un produit anodin pour autant. Ce compl\u00e9ment alimentaire \u00e0 base de plantes n\u00e9cessite une approche raisonn\u00e9e.<\/p>\n<p>Vos inqui\u00e9tudes face aux pleurs incessants de votre nourrisson sont parfaitement compr\u00e9hensibles. L&rsquo;absence d&rsquo;autorisation de mise sur le march\u00e9 (AMM) de Calmosine peut d\u00e9router, tout comme la fronti\u00e8re floue entre compl\u00e9ment alimentaire et m\u00e9dicament. En consultation, je constate que cette confusion g\u00e9n\u00e8re beaucoup d&rsquo;anxi\u00e9t\u00e9 chez les jeunes parents.<\/p>\n<figure style=\"margin:24px 0; text-align:center;\"><img decoding=\"async\" src=\"https:\/\/www.ombrel.fr\/actualites\/wp-content\/uploads\/2026\/04\/schema-administration-calmosine-technique-securite.jpg\" alt=\"Sch\u00e9ma administration Calmosine : temp\u00e9rature, position et technique anti-r\u00e9gurg\" style=\"max-width:100%; height:auto; border-radius:6px;\" \/><figcaption style=\"margin-top:8px; font-size:0.9em; color:#666; font-style:italic;\">La bonne technique d&rsquo;administration : temp\u00e9rature ambiante, d\u00e9bit lent et position semi-assise<\/figcaption><\/figure>\n<p>Distinguer le vrai du faux permet de prendre une d\u00e9cision \u00e9clair\u00e9e. Nous verrons ensemble le statut juridique exact de ce produit, les situations o\u00f9 il peut devenir risqu\u00e9, et surtout le protocole d&rsquo;administration s\u00e9curis\u00e9e avec les signaux d&rsquo;alerte \u00e0 surveiller selon l&rsquo;\u00e2ge de votre enfant.<\/p>\n<h2>Calmosine nourrisson danger : Statut juridique et composition : pourquoi Calmosine n&rsquo;est pas un m\u00e9dicament<\/h2>\n<h3>Compl\u00e9ment alimentaire vs m\u00e9dicament : quelle diff\u00e9rence pour la s\u00e9curit\u00e9 ?<\/h3>\n<p>Calmosine ne poss\u00e8de pas d&rsquo;<strong>autorisation de mise sur le march\u00e9 (AMM)<\/strong> comme les m\u00e9dicaments. Ce statut de compl\u00e9ment alimentaire implique une vigilance renforc\u00e9e de l&rsquo;<a href=\"https:\/\/www.anses.fr\" target=\"_blank\" rel=\"nofollow noopener\">ANSES<\/a> concernant les produits destin\u00e9s aux nourrissons, mais les exigences diff\u00e8rent.<\/p>\n<p>Contrairement aux m\u00e9dicaments qui garantissent une obligation de r\u00e9sultat th\u00e9rapeutique, <strong>Havea Pharma<\/strong> (le fabricant) assume une responsabilit\u00e9 de pharmacovigilance moins contraignante. Cependant, le statut \u00ab\u00a0compl\u00e9ment alimentaire\u00a0\u00bb n&rsquo;\u00e9quivaut pas \u00e0 une absence de contr\u00f4les. Les normes microbiologiques restent strictes pour la p\u00e9diatrie.<\/p>\n<p>Cette distinction juridique explique pourquoi votre pharmacien peut vous conseiller Calmosine sans ordonnance, tout en vous orientant vers votre p\u00e9diatre pour validation. L&rsquo;absence d&rsquo;AMM ne signifie pas \u00ab\u00a0produit libre\u00a0\u00bb, surtout chez le nourrisson o\u00f9 <strong>l&rsquo;immaturit\u00e9 h\u00e9patique<\/strong> n\u00e9cessite des pr\u00e9cautions suppl\u00e9mentaires.<\/p>\n<h3>Les 3 plantes \u00e0 l&rsquo;int\u00e9rieur : fenouil sans estragol, tilleul et fleur d&rsquo;oranger<\/h3>\n<p>La composition exacte rassure sur la s\u00e9curit\u00e9 : <strong>fenouil (Foeniculum vulgare)<\/strong> trait\u00e9 pour \u00e9liminer l&rsquo;estragol, tilleul et fleur d&rsquo;oranger. L&rsquo;estragol, mol\u00e9cule potentiellement canc\u00e9rog\u00e8ne selon l&rsquo;ECHA, a \u00e9t\u00e9 \u00e9limin\u00e9 par proc\u00e9d\u00e9 d&rsquo;extraction sp\u00e9cifique \u2014 source fr\u00e9quente de confusion parentale.<\/p>\n<p>Les dosages sont pr\u00e9cis : <strong>60 mg \u00e9quivalent plantes s\u00e8ches<\/strong> de fenouil et <strong>3,8 mg<\/strong> de tilleul pour la dose journali\u00e8re maximale de <strong>30 ml<\/strong>. La <strong>fleur d&rsquo;oranger \u00e0 0,16%<\/strong> compl\u00e8te cette synergie antispasmodique.<\/p>\n<p>Chaque plante a un r\u00f4le digestif sp\u00e9cifique : le fenouil agit sur les ballonnements par ses propri\u00e9t\u00e9s carminatives, le tilleul apaise par son action s\u00e9dative l\u00e9g\u00e8re, tandis que la fleur d&rsquo;oranger facilite le transit. Cette association cible sp\u00e9cifiquement les <strong>coliques fonctionnelles<\/strong> sans pr\u00e9tendre traiter une pathologie organique.<\/p>\n<h2>Quand Calmosine peut-il devenir risqu\u00e9 ? Contre-indications et pi\u00e8ges<\/h2>\n<h3>RGO pathologique et allergies : les cas o\u00f9 il faut absolument \u00e9viter<\/h3>\n<p>Le <strong>reflux gastro-\u0153sophagien (RGO) s\u00e9v\u00e8re<\/strong> constitue une contre-indication relative majeure. L&rsquo;apport de volume liquide suppl\u00e9mentaire peut aggraver les r\u00e9gurgitations, particuli\u00e8rement chez les nourrissons pr\u00e9sentant un RGO de stade III-IV n\u00e9cessitant un traitement m\u00e9dical.<\/p>\n<p>Les allergies restent rares mais possibles. Les <strong>r\u00e9actions crois\u00e9es fenouil-apiac\u00e9es<\/strong> (carotte, c\u00e9leri, persil) ou tilleul-tiliac\u00e9es peuvent survenir chez les familles pr\u00e9dispos\u00e9es. Une surveillance cutan\u00e9e s&rsquo;impose lors des premi\u00e8res administrations.<\/p>\n<p>La consultation p\u00e9diatrique pr\u00e9alable devient obligatoire avant <strong>1 mois de vie<\/strong>. J&rsquo;ai accompagn\u00e9 r\u00e9cemment une maman dont le nouveau-n\u00e9 de 3 semaines pr\u00e9sentait des pleurs intenses. L&rsquo;examen clinique a r\u00e9v\u00e9l\u00e9 une st\u00e9nose pylorique d\u00e9butante, pathologie chirurgicale que Calmosine aurait pu masquer temporairement. Cette anecdote illustre l&rsquo;importance du diagnostic diff\u00e9rentiel avant tout traitement symptomatique.<\/p>\n<h3>Le risque de masquage : ne pas cacher une APLV ou autre pathologie s\u00e9rieuse<\/h3>\n<p>Le concept de <strong>masquage symptomatique<\/strong> repr\u00e9sente le principal \u00e9cueil. Soulager les manifestations digestives sans identifier la cause organique peut retarder un diagnostic crucial, notamment d&rsquo;<strong>allergie aux prot\u00e9ines de lait de vache (APLV)<\/strong>.<\/p>\n<p>Si les sympt\u00f4mes persistent au-del\u00e0 de <strong>7 \u00e0 10 jours<\/strong> d&rsquo;utilisation ou s&rsquo;accompagnent de retard pond\u00e9ral, la consultation devient urgente. Les coliques fonctionnelles respectent la \u00ab\u00a0r\u00e8gle des 3\u00a0\u00bb : pleurs de plus de 3 heures par jour, plus de 3 jours par semaine, pendant plus de 3 semaines chez un nourrisson en bonne sant\u00e9.<\/p>\n<p>Distinguer coliques fonctionnelles et douleurs organiques n\u00e9cessite un examen clinique approfondi. Calmosine ne doit jamais remplacer l&rsquo;\u00e9valuation m\u00e9dicale, mais peut accompagner la prise en charge des coliques av\u00e9r\u00e9es apr\u00e8s \u00e9limination d&rsquo;une pathologie sous-jacente.<\/p>\n<div style=\"margin: 28px 0; text-align: center;\">\n<div style=\"position: relative; padding-bottom: 56.25%; height: 0; overflow: hidden; max-width: 100%; border-radius: 12px;\">\n<iframe src=\"https:\/\/www.youtube.com\/embed\/JidmlZPP_oA\" style=\"position: absolute; top: 0; left: 0; width: 100%; height: 100%; border: 0;\" allowfullscreen loading=\"lazy\" title=\"Comment soulager les coliques du nourrisson ?\"><\/iframe>\n<\/div>\n<p style=\"margin-top: 8px; font-size: 13px; color: #64748b;\">Comment soulager les coliques du nourrisson ? \u2014 La Maison des Maternelles &#8211; France T\u00e9l\u00e9visions<\/p>\n<\/div>\n<h2>Protocole d&rsquo;administration s\u00e9curis\u00e9e : posologie et technique anti-r\u00e9gurgitation<\/h2>\n<h3>La bonne posologie et l&rsquo;astuce de la temp\u00e9rature du produit<\/h3>\n<p>La posologie officielle reste stricte : <strong>5 ml par prise<\/strong>, avec un maximum de <strong>6 administrations quotidiennes<\/strong>. Cette limite de <strong>30 ml journaliers<\/strong> apporte les dosages actifs optimaux sans risque de surdosage.<\/p>\n<p>L&rsquo;\u00e2ge module la prudence : chez le nouveau-n\u00e9 de moins d&rsquo;<strong>1 mois<\/strong>, j&rsquo;recommande d&rsquo;espacer davantage les prises et de d\u00e9buter par 3 ml pour tester la tol\u00e9rance. \u00c0 partir de <strong>3 mois<\/strong>, la maturit\u00e9 digestive permet une utilisation standard.<\/p>\n<p>Un conseil pratique souvent n\u00e9glig\u00e9 : sortir le flacon <strong>10 minutes avant administration<\/strong> \u00e9vite le choc thermique du froid r\u00e9frig\u00e9rateur sur l&rsquo;estomac fragile du nourrisson. Cette temp\u00e9rature ambiante am\u00e9liore consid\u00e9rablement l&rsquo;acceptation et r\u00e9duit les r\u00e9gurgitations r\u00e9flexes.<\/p>\n<h3>Effets secondaires r\u00e9els et arbre d\u00e9cisionnel : quand appeler les urgences ?<\/h3>\n<p>Les effets secondaires rapport\u00e9s par environ <strong>10% des parents<\/strong> incluent vomissements l\u00e9gers, constipation transitoire, \u00e9ruptions cutan\u00e9es localis\u00e9es et parfois une agitation paradoxale (effet inverse de la s\u00e9dation attendue).<\/p>\n<p>L&rsquo;effet s\u00e9datif l\u00e9ger du tilleul reste physiologique et souhaitable. En revanche, des <strong>vomissements r\u00e9p\u00e9t\u00e9s, bilieux<\/strong> ou accompagn\u00e9s de fi\u00e8vre n\u00e9cessitent un arr\u00eat imm\u00e9diat et une consultation d&rsquo;urgence. L&rsquo;urticaire g\u00e9n\u00e9ralis\u00e9e ou les difficult\u00e9s respiratoires imposent d&rsquo;appeler le <strong>15<\/strong>.<\/p>\n<ul>\n<li><strong>Sympt\u00f4mes b\u00e9nins<\/strong> : r\u00e9gurgitations occasionnelles, somnolence l\u00e9g\u00e8re \u2192 surveillance et contact p\u00e9diatre dans les 48h<\/li>\n<li><strong>Sympt\u00f4mes d&rsquo;alerte<\/strong> : vomissements en jet, \u00e9ruption g\u00e9n\u00e9ralis\u00e9e, refus alimentaire \u2192 consultation rapide<\/li>\n<li><strong>Urgence vitale<\/strong> : d\u00e9tresse respiratoire, \u0153d\u00e8me facial, hypotonie majeure \u2192 appel imm\u00e9diat au 15<\/li>\n<\/ul>\n<h2>Conservation, dur\u00e9e de traitement et confusion entre gammes<\/h2>\n<h3>R\u00e9frig\u00e9ration obligatoire et dur\u00e9e maximale de cure continue<\/h3>\n<p>La conservation impose une <strong>r\u00e9frig\u00e9ration stricte entre 2 et 8\u00b0C<\/strong> apr\u00e8s ouverture. Le flacon 100ml (code ACL <strong>4091034<\/strong>) ne se conserve que <strong>10 jours maximum<\/strong> \u2014 notez imp\u00e9rativement la date d&rsquo;ouverture sur l&rsquo;\u00e9tiquette.<\/p>\n<figure style=\"margin:24px 0; text-align:center;\"><img decoding=\"async\" src=\"https:\/\/www.ombrel.fr\/actualites\/wp-content\/uploads\/2026\/04\/arbre-decision-calmosine-urgences-symptomes-bebe.jpg\" alt=\"Arbre d\u00e9cisionnel sympt\u00f4mes b\u00e9b\u00e9 Calmosine : urgences ou p\u00e9diatre\" style=\"max-width:100%; height:auto; border-radius:6px;\" \/><figcaption style=\"margin-top:8px; font-size:0.9em; color:#666; font-style:italic;\">Arbre d\u00e9cisionnel : apprenez \u00e0 diff\u00e9rencier les situations d&rsquo;urgence r\u00e9elle des inqui\u00e9tudes passag\u00e8res<\/figcaption><\/figure>\n<p>Concernant la dur\u00e9e de traitement, aucune interdiction l\u00e9gale ne limite l&rsquo;utilisation \u00e0 30 jours cons\u00e9cutifs. Cependant, mon exp\u00e9rience clinique sugg\u00e8re d&rsquo;interrompre apr\u00e8s <strong>7 \u00e0 10 jours<\/strong> d&rsquo;inefficacit\u00e9 pour r\u00e9\u00e9valuer la situation avec votre p\u00e9diatre.<\/p>\n<p>La gamme Calmosine comprend trois r\u00e9f\u00e9rences distinctes qu&rsquo;il faut absolument diff\u00e9rencier :<\/p>\n<table>\n<thead>\n<tr>\n<th>Produit<\/th>\n<th>Ingr\u00e9dients actifs<\/th>\n<th>Indication<\/th>\n<th>Code ACL<\/th>\n<\/tr>\n<\/thead>\n<tbody>\n<tr>\n<td><strong>Calmosine Digestion<\/strong><\/td>\n<td>Fenouil, tilleul, fleur d&rsquo;oranger<\/td>\n<td>Coliques, ballonnements<\/td>\n<td>4091034<\/td>\n<\/tr>\n<tr>\n<td><strong>Calmosine Sommeil<\/strong><\/td>\n<td>Passiflore, tilleul<\/td>\n<td>Troubles du sommeil<\/td>\n<td>Diff\u00e9rent<\/td>\n<\/tr>\n<tr>\n<td><strong>Calmosine Douceur<\/strong><\/td>\n<td>Camomille, tilleul<\/td>\n<td>Irritabilit\u00e9 g\u00e9n\u00e9rale<\/td>\n<td>Diff\u00e9rent<\/td>\n<\/tr>\n<\/tbody>\n<\/table>\n<h3>Interactions allaitement et solution si b\u00e9b\u00e9 refuse le go\u00fbt<\/h3>\n<p>Aucune contre-indication formelle n&rsquo;existe avec <strong>l&rsquo;allaitement maternel<\/strong>, mais un passage th\u00e9orique dans le lait reste possible. Je recommande une surveillance attentive du comportement de votre b\u00e9b\u00e9 lors des t\u00e9t\u00e9es suivant votre prise (si vous allaitez) ou son administration directe.<\/p>\n<p>Si votre nourrisson refuse le go\u00fbt, plusieurs strat\u00e9gies s&rsquo;offrent \u00e0 vous : dilution possible dans <strong>10 ml d&rsquo;eau<\/strong> (jamais dans le lait maternel pour \u00e9viter le gaspillage), ou administration goutte \u00e0 goutte avec une <strong>cuill\u00e8re en bois contre la joue<\/strong> pour \u00e9viter le r\u00e9flexe de d\u00e9glutition brutale.<\/p>\n<p>La comparaison avec les probiotiques \u00e9claire les choix th\u00e9rapeutiques : Calmosine agit de fa\u00e7on <strong>symptomatique imm\u00e9diate<\/strong> (30 \u00e0 60 minutes), tandis que le r\u00e9\u00e9quilibrage de la flore n\u00e9cessite <strong>21 \u00e0 28 jours<\/strong> de traitement. Ces approches peuvent se compl\u00e9ter, en espa\u00e7ant les prises de 2 heures pour pr\u00e9server l&rsquo;efficacit\u00e9 probiotique.<\/p>\n<p>Cette diff\u00e9renciation permet d&rsquo;adapter votre strat\u00e9gie : Calmosine pour les crises aigu\u00ebs, probiotiques pour un traitement de fond si les coliques persistent au-del\u00e0 de quelques semaines.<\/p>\n<h2>Quand consulter ? Signaux d&rsquo;alerte par \u00e2ge<\/h2>\n<p>Certaines situations n\u00e9cessitent une consultation m\u00e9dicale imm\u00e9diate, ind\u00e9pendamment de l&rsquo;utilisation de Calmosine :<\/p>\n<ul>\n<li><strong>Nouveau-n\u00e9 (0-1 mois)<\/strong> : pleurs inconsolables plus de 4 heures, refus alimentaire, fi\u00e8vre > 38\u00b0C<\/li>\n<li><strong>Nourrisson (1-6 mois)<\/strong> : vomissements bilieux, distension abdominale, absence de selles plus de 3 jours<\/li>\n<li><strong>Tous \u00e2ges<\/strong> : retard de croissance, \u00e9ruption cutan\u00e9e g\u00e9n\u00e9ralis\u00e9e, d\u00e9tresse respiratoire<\/li>\n<\/ul>\n<p>La r\u00e8gle essentielle : si Calmosine masque temporairement des sympt\u00f4mes qui r\u00e9apparaissent \u00e0 l&rsquo;arr\u00eat, une \u00e9valuation p\u00e9diatrique s&rsquo;impose. Les coliques fonctionnelles \u00e9voluent favorablement vers la gu\u00e9rison spontan\u00e9e entre 3 et 4 mois. Une persistance au-del\u00e0 doit faire rechercher une autre cause.<\/p>\n<section class=\"faq-schema\" itemscope itemtype=\"https:\/\/schema.org\/FAQPage\">\n<h2>Questions fr\u00e9quentes<\/h2>\n<div class=\"faq-item\" itemscope itemprop=\"mainEntity\" itemtype=\"https:\/\/schema.org\/Question\">\n<h3 itemprop=\"name\">Calmosine nourrisson danger \u00e0 partir de quel \u00e2ge exactement ?<\/h3>\n<div itemscope itemprop=\"acceptedAnswer\" itemtype=\"https:\/\/schema.org\/Answer\">\n<p itemprop=\"text\">D\u00e8s le plus jeune \u00e2ge selon Havea, mais ma recommandation de sage-femme : attendre <strong>2-3 semaines minimum<\/strong> et avis m\u00e9dical pr\u00e9alable imp\u00e9ratif pour les nouveau-n\u00e9s de moins d&rsquo;1 mois (risque d&rsquo;immaturit\u00e9 h\u00e9patique).<\/p>\n<\/div>\n<\/div>\n<div class=\"faq-item\" itemscope itemprop=\"mainEntity\" itemtype=\"https:\/\/schema.org\/Question\">\n<h3 itemprop=\"name\">Quels sont les effets secondaires r\u00e9els de Calmosine sur les b\u00e9b\u00e9s ?<\/h3>\n<div itemscope itemprop=\"acceptedAnswer\" itemtype=\"https:\/\/schema.org\/Answer\">\n<p itemprop=\"text\">Vomissements l\u00e9gers (moins de <strong>10% des cas<\/strong>), constipation transitoire, \u00e9ruptions cutan\u00e9es rares, agitation paradoxale invers\u00e9e. Arr\u00eat imm\u00e9diat en cas de r\u00e9action allergique (urticaire, \u0153d\u00e8me).<\/p>\n<\/div>\n<\/div>\n<div class=\"faq-item\" itemscope itemprop=\"mainEntity\" itemtype=\"https:\/\/schema.org\/Question\">\n<h3 itemprop=\"name\">Calmosine et RGO : est-ce dangereux ou compatible ?<\/h3>\n<div itemscope itemprop=\"acceptedAnswer\" itemtype=\"https:\/\/schema.org\/Answer\">\n<p itemprop=\"text\">Contre-indiqu\u00e9 en cas de <strong>RGO pathologique s\u00e9v\u00e8re<\/strong> (stade III-IV) car le volume liquide peut augmenter les r\u00e9gurgitations. Compatible avec RGO physiologique l\u00e9ger si administration lente et positionnement \u00e0 45\u00b0.<\/p>\n<\/div>\n<\/div>\n<div class=\"faq-item\" itemscope itemprop=\"mainEntity\" itemtype=\"https:\/\/schema.org\/Question\">\n<h3 itemprop=\"name\">Calmosine fait-il vomir b\u00e9b\u00e9 : sympt\u00f4me normal ou alerte ?<\/h3>\n<div itemscope itemprop=\"acceptedAnswer\" itemtype=\"https:\/\/schema.org\/Answer\">\n<p itemprop=\"text\">R\u00e9gurgitations l\u00e9g\u00e8res possibles si administration trop rapide ou produit trop froid (choc thermique). <strong>Vomissements r\u00e9p\u00e9t\u00e9s ou bilieux = alerte<\/strong>. Privil\u00e9gier temp\u00e9rature ambiante et d\u00e9bit lent sur la joue.<\/p>\n<\/div>\n<\/div>\n<div class=\"faq-item\" itemscope itemprop=\"mainEntity\" itemtype=\"https:\/\/schema.org\/Question\">\n<h3 itemprop=\"name\">Peut-on donner Calmosine \u00e0 un nouveau-n\u00e9 de 2 semaines ?<\/h3>\n<div itemscope itemprop=\"acceptedAnswer\" itemtype=\"https:\/\/schema.org\/Answer\">\n<p itemprop=\"text\">Physiologiquement possible mais vigilance accrue. Attendre id\u00e9alement <strong>3-4 semaines<\/strong>. Consultation p\u00e9diatrique obligatoire pr\u00e9alable pour \u00e9liminer pathologie organique (APLV, st\u00e9nose pylorique) avant traitement symptomatique.<\/p>\n<\/div>\n<\/div>\n<div class=\"faq-item\" itemscope itemprop=\"mainEntity\" itemtype=\"https:\/\/schema.org\/Question\">\n<h3 itemprop=\"name\">Comment conserver Calmosine une fois ouvert : frigo obligatoire ?<\/h3>\n<div itemscope itemprop=\"acceptedAnswer\" itemtype=\"https:\/\/schema.org\/Answer\">\n<p itemprop=\"text\">Obligation absolue de <strong>r\u00e9frig\u00e9ration (2-8\u00b0C)<\/strong> apr\u00e8s ouverture. Dur\u00e9e maximale <strong>10 jours<\/strong> (noter la date d&rsquo;ouverture sur flacon). Au-del\u00e0, risque de contamination microbiologique majeur pour le nourrisson.<\/p>\n<\/div>\n<\/div>\n<\/section>\n","protected":false},"excerpt":{"rendered":"<p>Calmosine pr\u00e9sente-t-il un danger pour les nourrissons ? Analyse compl\u00e8te des risques, effets secondaires r\u00e9els et pr\u00e9cautions d&#8217;emploi par une sage-femme.<\/p>\n","protected":false},"author":2,"featured_media":77,"comment_status":"open","ping_status":"open","sticky":false,"template":"","format":"standard","meta":{"footnotes":""},"categories":[2],"tags":[],"class_list":["post-80","post","type-post","status-publish","format-standard","has-post-thumbnail","hentry","category-sante"],"_links":{"self":[{"href":"https:\/\/www.ombrel.fr\/actualites\/wp-json\/wp\/v2\/posts\/80","targetHints":{"allow":["GET"]}}],"collection":[{"href":"https:\/\/www.ombrel.fr\/actualites\/wp-json\/wp\/v2\/posts"}],"about":[{"href":"https:\/\/www.ombrel.fr\/actualites\/wp-json\/wp\/v2\/types\/post"}],"author":[{"embeddable":true,"href":"https:\/\/www.ombrel.fr\/actualites\/wp-json\/wp\/v2\/users\/2"}],"replies":[{"embeddable":true,"href":"https:\/\/www.ombrel.fr\/actualites\/wp-json\/wp\/v2\/comments?post=80"}],"version-history":[{"count":0,"href":"https:\/\/www.ombrel.fr\/actualites\/wp-json\/wp\/v2\/posts\/80\/revisions"}],"wp:featuredmedia":[{"embeddable":true,"href":"https:\/\/www.ombrel.fr\/actualites\/wp-json\/wp\/v2\/media\/77"}],"wp:attachment":[{"href":"https:\/\/www.ombrel.fr\/actualites\/wp-json\/wp\/v2\/media?parent=80"}],"wp:term":[{"taxonomy":"category","embeddable":true,"href":"https:\/\/www.ombrel.fr\/actualites\/wp-json\/wp\/v2\/categories?post=80"},{"taxonomy":"post_tag","embeddable":true,"href":"https:\/\/www.ombrel.fr\/actualites\/wp-json\/wp\/v2\/tags?post=80"}],"curies":[{"name":"wp","href":"https:\/\/api.w.org\/{rel}","templated":true}]}}