{"id":2,"name":"Camille","url":"","description":"Camille Lefebvre est sage-femme dipl\u00f4m\u00e9e d'\u00c9tat, titulaire du DU en Lactation Humaine et Allaitement Maternel (DIULHAM) et certifi\u00e9e IBCLC. Apr\u00e8s cinq ann\u00e9es pass\u00e9es \u00e0 la Maternit\u00e9 Jeanne de Flandre (CHU de Lille), elle exerce en lib\u00e9ral depuis 2016 et accompagne les familles du suivi de grossesse jusqu'au post-partum","link":"https:\/\/www.ombrel.fr\/actualites\/author\/camillelfb\/","slug":"camillelfb","avatar_urls":{"24":"https:\/\/www.ombrel.fr\/actualites\/wp-content\/uploads\/2026\/03\/cropped-Capture-decran-2026-03-30-a-20.29.12-24x24.png","48":"https:\/\/www.ombrel.fr\/actualites\/wp-content\/uploads\/2026\/03\/cropped-Capture-decran-2026-03-30-a-20.29.12-48x48.png","96":"https:\/\/www.ombrel.fr\/actualites\/wp-content\/uploads\/2026\/03\/cropped-Capture-decran-2026-03-30-a-20.29.12-96x96.png"},"meta":[],"simple_local_avatar":{"media_id":21,"full":"https:\/\/www.ombrel.fr\/actualites\/wp-content\/uploads\/2026\/03\/cropped-Capture-decran-2026-03-30-a-20.29.12.png","blog_id":1,"192":"https:\/\/www.ombrel.fr\/actualites\/wp-content\/uploads\/2026\/03\/cropped-Capture-decran-2026-03-30-a-20.29.12-192x192.png","96":"https:\/\/www.ombrel.fr\/actualites\/wp-content\/uploads\/2026\/03\/cropped-Capture-decran-2026-03-30-a-20.29.12-96x96.png","80":"https:\/\/www.ombrel.fr\/actualites\/wp-content\/uploads\/2026\/03\/cropped-Capture-decran-2026-03-30-a-20.29.12-80x80.png","100":"https:\/\/www.ombrel.fr\/actualites\/wp-content\/uploads\/2026\/03\/cropped-Capture-decran-2026-03-30-a-20.29.12-100x100.png","50":"https:\/\/www.ombrel.fr\/actualites\/wp-content\/uploads\/2026\/03\/cropped-Capture-decran-2026-03-30-a-20.29.12-50x50.png","24":"https:\/\/www.ombrel.fr\/actualites\/wp-content\/uploads\/2026\/03\/cropped-Capture-decran-2026-03-30-a-20.29.12-24x24.png","48":"https:\/\/www.ombrel.fr\/actualites\/wp-content\/uploads\/2026\/03\/cropped-Capture-decran-2026-03-30-a-20.29.12-48x48.png","64":"https:\/\/www.ombrel.fr\/actualites\/wp-content\/uploads\/2026\/03\/cropped-Capture-decran-2026-03-30-a-20.29.12-64x64.png","32":"https:\/\/www.ombrel.fr\/actualites\/wp-content\/uploads\/2026\/03\/cropped-Capture-decran-2026-03-30-a-20.29.12-32x32.png"},"_links":{"self":[{"href":"https:\/\/www.ombrel.fr\/actualites\/wp-json\/wp\/v2\/users\/2","targetHints":{"allow":["GET"]}}],"collection":[{"href":"https:\/\/www.ombrel.fr\/actualites\/wp-json\/wp\/v2\/users"}]}}